{"id":1626,"date":"2025-08-06T14:38:06","date_gmt":"2025-08-06T14:38:06","guid":{"rendered":"https:\/\/biblioteka.jaswily.pl\/?p=1626"},"modified":"2026-03-06T11:55:06","modified_gmt":"2026-03-06T11:55:06","slug":"like-dla-kultury-ludowo-tworczo-i-z-pasja","status":"publish","type":"post","link":"https:\/\/biblioteka.jaswily.pl\/index.php\/2025\/08\/06\/like-dla-kultury-ludowo-tworczo-i-z-pasja\/","title":{"rendered":",,LIKE dla KULTURY \u2013 Ludowo, tw\u00f3rczo i z pasj\u0105!"},"content":{"rendered":"\n<p>W ramach projektu ,,Like dla Kultury&#8221; odby\u0142y si\u0119 wyj\u0105tkowe warsztaty z udzia\u0142em Zespo\u0142u Ludowego ,,Biebrzanie&#8221;, kt\u00f3re przenios\u0142y dzieci i m\u0142odzie\u017c w \u015bwiat tradycyjnej muzyki. Uczestnicy nie tylko poznali pi\u0119kne ludowe pie\u015bni, ale r\u00f3wnie\u017c mieli okazj\u0119 tworzy\u0107 w\u0142asne teksty do tradycyjnych melodii \u2013 z serca, z pomys\u0142em i z ogromn\u0105 rado\u015bci\u0105!<\/p>\n\n\n\n<p>Dzi\u0119kujemy Zespo\u0142owi Ludowemu ,,Biebrzanie&#8221; za niesamowit\u0105 atmosfer\u0119, cierpliwo\u015b\u0107 i <a><\/a>pasj\u0119, kt\u00f3r\u0105 podzielili si\u0119 z m\u0142odym pokoleniem. To by\u0142a prawdziwa lekcja kultury \u2013 \u017cywa, inspiruj\u0105ca i pe\u0142na energii!<\/p>\n\n\n\n<p>Dzi\u0119kujemy <a href=\"https:\/\/www.facebook.com\/fundacjaorlenlukasiewicza?__cft__[0]=AZVsIpGjbL-BVUVt-2Kj-1AEZZ3kmU3iDzb6EO71GUnUHjoN7KSjZbkzi22riNPLHWSfw3atMd_zePqSGSM1fmBZ3TA8KnSTrYVsH6Ef6cmhH8ecz40KyYZeWebHBeXFd4Z0TzyvVlz2zZxGcOsYg826Sm6--MXINxNeAv2wAskleE-lQCutIwt3_pWSX5eQFF1tXDP3kid4V0ZqVb9RYD6_&amp;__tn__=-]K-R\">Fundacja ORLEN im. Ignacego \u0141ukasiewicza<\/a> za dofinansowanie naszych dzia\u0142a\u0144!<\/p>\n\n\n\n<p><\/p>\n","protected":false},"excerpt":{"rendered":"<p>W ramach projektu ,,Like dla Kultury&#8221; odby\u0142y si\u0119 wyj\u0105tkowe warsztaty z udzia\u0142em Zespo\u0142u Ludowego ,,Biebrzanie&#8221;, kt\u00f3re przenios\u0142y dzieci i m\u0142odzie\u017c w \u015bwiat tradycyjnej muzyki. Uczestnicy nie tylko poznali pi\u0119kne ludowe pie\u015bni, ale r\u00f3wnie\u017c mieli okazj\u0119 tworzy\u0107 w\u0142asne teksty do tradycyjnych melodii \u2013 z serca, z pomys\u0142em i z ogromn\u0105 rado\u015bci\u0105! Dzi\u0119kujemy Zespo\u0142owi Ludowemu ,,Biebrzanie&#8221; za [&hellip;]<\/p>\n","protected":false},"author":2,"featured_media":1628,"comment_status":"closed","ping_status":"closed","sticky":false,"template":"","format":"standard","meta":{"footnotes":""},"categories":[30],"tags":[],"class_list":["post-1626","post","type-post","status-publish","format-standard","has-post-thumbnail","hentry","category-aktualnosci"],"_links":{"self":[{"href":"https:\/\/biblioteka.jaswily.pl\/index.php\/wp-json\/wp\/v2\/posts\/1626","targetHints":{"allow":["GET"]}}],"collection":[{"href":"https:\/\/biblioteka.jaswily.pl\/index.php\/wp-json\/wp\/v2\/posts"}],"about":[{"href":"https:\/\/biblioteka.jaswily.pl\/index.php\/wp-json\/wp\/v2\/types\/post"}],"author":[{"embeddable":true,"href":"https:\/\/biblioteka.jaswily.pl\/index.php\/wp-json\/wp\/v2\/users\/2"}],"replies":[{"embeddable":true,"href":"https:\/\/biblioteka.jaswily.pl\/index.php\/wp-json\/wp\/v2\/comments?post=1626"}],"version-history":[{"count":1,"href":"https:\/\/biblioteka.jaswily.pl\/index.php\/wp-json\/wp\/v2\/posts\/1626\/revisions"}],"predecessor-version":[{"id":1629,"href":"https:\/\/biblioteka.jaswily.pl\/index.php\/wp-json\/wp\/v2\/posts\/1626\/revisions\/1629"}],"wp:featuredmedia":[{"embeddable":true,"href":"https:\/\/biblioteka.jaswily.pl\/index.php\/wp-json\/wp\/v2\/media\/1628"}],"wp:attachment":[{"href":"https:\/\/biblioteka.jaswily.pl\/index.php\/wp-json\/wp\/v2\/media?parent=1626"}],"wp:term":[{"taxonomy":"category","embeddable":true,"href":"https:\/\/biblioteka.jaswily.pl\/index.php\/wp-json\/wp\/v2\/categories?post=1626"},{"taxonomy":"post_tag","embeddable":true,"href":"https:\/\/biblioteka.jaswily.pl\/index.php\/wp-json\/wp\/v2\/tags?post=1626"}],"curies":[{"name":"wp","href":"https:\/\/api.w.org\/{rel}","templated":true}]}}